{"id":481,"date":"2024-05-28T13:31:27","date_gmt":"2024-05-28T13:31:27","guid":{"rendered":"http:\/\/buat.nl\/?p=481"},"modified":"2024-05-28T13:31:27","modified_gmt":"2024-05-28T13:31:27","slug":"hoofdstuk-27","status":"publish","type":"post","link":"https:\/\/buat.nl\/?p=481","title":{"rendered":"Hoofdstuk 27"},"content":{"rendered":"\n<p>Bommen Berend<\/p>\n\n\n\n<p><\/p>\n\n\n\n<h6 class=\"wp-block-heading\">***DISCLAIMER: lees eerst het betreffende hoofdstuk in&nbsp;<em>\u2018Buat\u2019<\/em>&nbsp;om spoilers te voorkomen***<\/h6>\n\n\n\n<figure class=\"wp-block-image\"><a href=\"https:\/\/substackcdn.com\/image\/fetch\/f_auto,q_auto:good,fl_progressive:steep\/https%3A%2F%2Fsubstack-post-media.s3.amazonaws.com%2Fpublic%2Fimages%2F07091376-be76-4075-ad75-a8ef4106bd65_600x270.jpeg\" target=\"_blank\" rel=\"noreferrer noopener\"><img decoding=\"async\" src=\"https:\/\/substackcdn.com\/image\/fetch\/w_1456,c_limit,f_auto,q_auto:good,fl_progressive:steep\/https%3A%2F%2Fsubstack-post-media.s3.amazonaws.com%2Fpublic%2Fimages%2F07091376-be76-4075-ad75-a8ef4106bd65_600x270.jpeg\" alt=\"\"\/><\/a><\/figure>\n\n\n\n<p>Dit hoofdstuk is een (hier en daar sterk ingekorte) vertaling van de M\u00e9moires van graaf de Guiche. Als je exact wil weten wat ik heb weggelaten of hoe letterlijk ik de tekst vertaald heb, kun je het origineel ernaast leggen, of de achttiende-eeuwse versie en\/of de vertaling van Ad van der Zee.<a href=\"https:\/\/buat.substack.com\/p\/buat-hoofdstuk-27?r=36rfd0&amp;utm_campaign=post&amp;utm_medium=web&amp;triedRedirect=true#_ftn1\">[1]<\/a><\/p>\n\n\n\n<p>Dit hoofdstuk is van belang omdat het een belangrijke tegenspeler introduceert: Bernard van Galen, of, zoals ik hem in Buat op zijn Duits noem: Christoph Bernhard von Galen (1606-1678). In Nederland (en vooral in Groningen) staat deze bisschop uiteraard bekend als Bommen Berend. Hij blonk uit in de artillerie.<\/p>\n\n\n\n<figure class=\"wp-block-image\"><a href=\"https:\/\/substackcdn.com\/image\/fetch\/f_auto,q_auto:good,fl_progressive:steep\/https%3A%2F%2Fsubstack-post-media.s3.amazonaws.com%2Fpublic%2Fimages%2F92b3715f-48b8-4758-bead-271b4a3192b9_579x728.jpeg\" target=\"_blank\" rel=\"noreferrer noopener\"><img decoding=\"async\" src=\"https:\/\/substackcdn.com\/image\/fetch\/w_1456,c_limit,f_auto,q_auto:good,fl_progressive:steep\/https%3A%2F%2Fsubstack-post-media.s3.amazonaws.com%2Fpublic%2Fimages%2F92b3715f-48b8-4758-bead-271b4a3192b9_579x728.jpeg\" alt=\"\"\/><\/a><\/figure>\n\n\n\n<h3 class=\"wp-block-heading\">Eerste M\u00fcnsterse Oorlog<\/h3>\n\n\n\n<p>Dat Bommen Berend al v\u00f3\u00f3r 1672 ons land is binnengevallen is niet iets wat bij veel mensen bekend is. Over deze Eerste M\u00fcnsterse Oorlog<a href=\"https:\/\/buat.substack.com\/p\/buat-hoofdstuk-27?r=36rfd0&amp;utm_campaign=post&amp;utm_medium=web&amp;triedRedirect=true#_ftn2\">[2]<\/a>&nbsp;is dan ook weinig geschreven. De m\u00e9moires van De Guiche worden vaak als bron aangehaald omdat het een van de weinige ooggetuigenverslagen van de campagne in 1665\/1666 is. Er waren twee veldtochten: een Oostelijke (van 18 september tot en met 4 oktober 1665) en een Zuidelijke (tot en met 8 januari 1666). De Guiche beschrijft ze allebei, al moet gezegd dat zijn verhaal nogal anekdotisch is en (vermoedelijk vanwege een gebrek aan geografische kennis) niet makkelijk te volgen.<\/p>\n\n\n\n<figure class=\"wp-block-image\"><a href=\"https:\/\/substackcdn.com\/image\/fetch\/f_auto,q_auto:good,fl_progressive:steep\/https%3A%2F%2Fsubstack-post-media.s3.amazonaws.com%2Fpublic%2Fimages%2Fdc529476-cfa1-4c72-9755-ad343f6a327f_1983x1429.jpeg\" target=\"_blank\" rel=\"noreferrer noopener\"><img decoding=\"async\" src=\"https:\/\/substackcdn.com\/image\/fetch\/w_1456,c_limit,f_auto,q_auto:good,fl_progressive:steep\/https%3A%2F%2Fsubstack-post-media.s3.amazonaws.com%2Fpublic%2Fimages%2Fdc529476-cfa1-4c72-9755-ad343f6a327f_1983x1429.jpeg\" alt=\"\"\/><\/a><\/figure>\n\n\n\n<h6 class=\"wp-block-heading\">De twee veldtochten uit:&nbsp;<em>Onder Vuur&nbsp;<\/em>(2016)<\/h6>\n\n\n\n<p>Wanneer je dus meer wil weten over deze eerste (vergeefse) campagnes van de bisschop van M\u00fcnster, ben je aangewezen op een handjevol bronnen (zoals Aitzema\u2019s&nbsp;<em>Saken van Staet en Oorlogh<\/em><a href=\"https:\/\/buat.substack.com\/p\/buat-hoofdstuk-27?r=36rfd0&amp;utm_campaign=post&amp;utm_medium=web&amp;triedRedirect=true#_ftn3\">[3]<\/a>). Ik noem er twee die ik vooral gebruikt heb:&nbsp;<em>Bernard von Galen<\/em>&nbsp;door P. Corstiens (Rotterdam 1872)<a href=\"https:\/\/buat.substack.com\/p\/buat-hoofdstuk-27?r=36rfd0&amp;utm_campaign=post&amp;utm_medium=web&amp;triedRedirect=true#_ftn4\">[4]<\/a>&nbsp;en&nbsp;<em>Onder vuur. De Eerste M\u00fcnsterse Oorlog (1665-1666)<\/em>.<\/p>\n\n\n\n<figure class=\"wp-block-image\"><a href=\"https:\/\/substackcdn.com\/image\/fetch\/f_auto,q_auto:good,fl_progressive:steep\/https%3A%2F%2Fsubstack-post-media.s3.amazonaws.com%2Fpublic%2Fimages%2Fe9f8c2a1-f0a3-473f-ac4b-fb92af6a8bd4_1447x1996.jpeg\" target=\"_blank\" rel=\"noreferrer noopener\"><img decoding=\"async\" src=\"https:\/\/substackcdn.com\/image\/fetch\/w_1456,c_limit,f_auto,q_auto:good,fl_progressive:steep\/https%3A%2F%2Fsubstack-post-media.s3.amazonaws.com%2Fpublic%2Fimages%2Fe9f8c2a1-f0a3-473f-ac4b-fb92af6a8bd4_1447x1996.jpeg\" alt=\"\"\/><\/a><\/figure>\n\n\n\n<p>Deze uitgave, behorend bij een tentoonstelling in Museum De Oude Wolden, samengesteld door Tjarko van Dijk en Obby Veenstra, dateert \u2013 niet geheel ontoevallig \u2013 van 2016<a href=\"https:\/\/buat.substack.com\/p\/buat-hoofdstuk-27?r=36rfd0&amp;utm_campaign=post&amp;utm_medium=web&amp;triedRedirect=true#_ftn5\">[5]<\/a>. Exact 350 jaar na de aanval van Bommen Berend. 1666: connotatie met het Beest uit het boek Openbaringen. Dit getal zat volgens een tijdgenoot in de naam van de bisschop:<\/p>\n\n\n\n<blockquote class=\"wp-block-quote is-layout-flow wp-block-quote-is-layout-flow\">\n<p>ChrIstophorVs bernarDVs Von gaLen &nbsp;<a href=\"https:\/\/buat.substack.com\/p\/buat-hoofdstuk-27?r=36rfd0&amp;utm_campaign=post&amp;utm_medium=web&amp;triedRedirect=true#_ftn6\">[6]<\/a><\/p>\n<\/blockquote>\n\n\n\n<p>Al snap ik dat soort spelletjes nooit goed.<\/p>\n\n\n\n<p>XXVIII \u2013 V \u2013 XXIV,<br>Jean-Marc van Tol<\/p>\n\n\n\n<hr class=\"wp-block-separator has-alpha-channel-opacity\"\/>\n\n\n\n<p><a href=\"https:\/\/buat.substack.com\/p\/buat-hoofdstuk-27?r=36rfd0&amp;utm_campaign=post&amp;utm_medium=web&amp;triedRedirect=true#_ftnref1\">[1]<\/a>&nbsp;Zie:&nbsp;<a href=\"https:\/\/books.google.nl\/books?id=vBFcAAAAcAAJ&amp;printsec=frontcover&amp;dq=memoires+de+Guiche&amp;hl=nl&amp;newbks=1&amp;newbks_redir=0&amp;sa=X&amp;redir_esc=y#v=onepage&amp;q=memoires%20de%20Guiche&amp;f=false\">https:\/\/books.google.nl\/books?id=vBFcAAAAcAAJ&amp;printsec=frontcover&amp;dq=memoires+de+Guiche&amp;hl=nl&amp;newbks=1&amp;newbks_redir=0&amp;sa=X&amp;redir_esc=y#v=onepage&amp;q=memoires%20de%20Guiche&amp;f=false<\/a><\/p>\n\n\n\n<p><a href=\"https:\/\/advanderzee.nl\/artikels\/\">https:\/\/advanderzee.nl\/artikels\/<\/a>&nbsp;(Herinnering aan Holland)<\/p>\n\n\n\n<p><a href=\"https:\/\/buat.substack.com\/p\/buat-hoofdstuk-27?r=36rfd0&amp;utm_campaign=post&amp;utm_medium=web&amp;triedRedirect=true#_ftnref2\">[2]<\/a>&nbsp;https:\/\/nl.wikipedia.org\/wiki\/Eerste_M%C3%BCnsterse_Oorlog#:~:text=Op%2023%20september%201665%2C%20toen,het%20noorden%20van%20het%20land.<\/p>\n\n\n\n<p><a href=\"https:\/\/buat.substack.com\/p\/buat-hoofdstuk-27?r=36rfd0&amp;utm_campaign=post&amp;utm_medium=web&amp;triedRedirect=true#_ftnref3\">[3]<\/a>&nbsp;https:\/\/resources.huygens.knaw.nl\/retroboeken\/aitzema\/#page=0&amp;accessor=toc&amp;view=imagePane<\/p>\n\n\n\n<p><a href=\"https:\/\/buat.substack.com\/p\/buat-hoofdstuk-27?r=36rfd0&amp;utm_campaign=post&amp;utm_medium=web&amp;triedRedirect=true#_ftnref4\">[4]<\/a>&nbsp;https:\/\/books.google.nl\/books?id=lIZVAAAAcAAJ&amp;printsec=frontcover&amp;redir_esc=y#v=onepage&amp;q&amp;f=false<\/p>\n\n\n\n<p><a href=\"https:\/\/buat.substack.com\/p\/buat-hoofdstuk-27?r=36rfd0&amp;utm_campaign=post&amp;utm_medium=web&amp;triedRedirect=true#_ftnref5\">[5]<\/a>&nbsp;https:\/\/www.mooioostgroningen.nl\/kunst-en-cultuur\/nieuwe-expositie-onder-vuur-in-museum-de-oude-wolden-geopend<\/p>\n\n\n\n<p><a href=\"https:\/\/buat.substack.com\/p\/buat-hoofdstuk-27?r=36rfd0&amp;utm_campaign=post&amp;utm_medium=web&amp;triedRedirect=true#_ftnref6\">[6]<\/a>&nbsp;Zie Corstiens, p. 101<\/p>\n","protected":false},"excerpt":{"rendered":"<p>Bommen Berend ***DISCLAIMER: lees eerst het betreffende hoofdstuk in&nbsp;\u2018Buat\u2019&nbsp;om spoilers te voorkomen*** Dit hoofdstuk is een (hier en daar sterk ingekorte) vertaling van de M\u00e9moires van graaf de Guiche. Als je exact wil weten wat ik heb weggelaten of hoe letterlijk ik de tekst vertaald heb, kun je het origineel ernaast leggen, of de achttiende-eeuwse&#8230;<\/p>\n","protected":false},"author":1,"featured_media":482,"comment_status":"closed","ping_status":"","sticky":false,"template":"","format":"standard","meta":{"footnotes":""},"categories":[1],"tags":[],"class_list":["post-481","post","type-post","status-publish","format-standard","has-post-thumbnail","hentry","category-geen-categorie"],"_links":{"self":[{"href":"https:\/\/buat.nl\/index.php?rest_route=\/wp\/v2\/posts\/481","targetHints":{"allow":["GET"]}}],"collection":[{"href":"https:\/\/buat.nl\/index.php?rest_route=\/wp\/v2\/posts"}],"about":[{"href":"https:\/\/buat.nl\/index.php?rest_route=\/wp\/v2\/types\/post"}],"author":[{"embeddable":true,"href":"https:\/\/buat.nl\/index.php?rest_route=\/wp\/v2\/users\/1"}],"replies":[{"embeddable":true,"href":"https:\/\/buat.nl\/index.php?rest_route=%2Fwp%2Fv2%2Fcomments&post=481"}],"version-history":[{"count":1,"href":"https:\/\/buat.nl\/index.php?rest_route=\/wp\/v2\/posts\/481\/revisions"}],"predecessor-version":[{"id":483,"href":"https:\/\/buat.nl\/index.php?rest_route=\/wp\/v2\/posts\/481\/revisions\/483"}],"wp:featuredmedia":[{"embeddable":true,"href":"https:\/\/buat.nl\/index.php?rest_route=\/wp\/v2\/media\/482"}],"wp:attachment":[{"href":"https:\/\/buat.nl\/index.php?rest_route=%2Fwp%2Fv2%2Fmedia&parent=481"}],"wp:term":[{"taxonomy":"category","embeddable":true,"href":"https:\/\/buat.nl\/index.php?rest_route=%2Fwp%2Fv2%2Fcategories&post=481"},{"taxonomy":"post_tag","embeddable":true,"href":"https:\/\/buat.nl\/index.php?rest_route=%2Fwp%2Fv2%2Ftags&post=481"}],"curies":[{"name":"wp","href":"https:\/\/api.w.org\/{rel}","templated":true}]}}