{"id":400,"date":"2024-01-06T21:46:04","date_gmt":"2024-01-06T21:46:04","guid":{"rendered":"http:\/\/buat.nl\/?p=400"},"modified":"2024-01-06T21:46:04","modified_gmt":"2024-01-06T21:46:04","slug":"hoofdstuk-5","status":"publish","type":"post","link":"https:\/\/buat.nl\/?p=400","title":{"rendered":"Hoofdstuk 5"},"content":{"rendered":"\n<p><strong>Graaf De Guiche in Holland (mei 1665)<\/strong><\/p>\n\n\n\n<p><strong><mark style=\"background-color:rgba(0, 0, 0, 0)\" class=\"has-inline-color has-vivid-red-color\">***DISCLAIMER: deze toelichtingen op de hoofdstukken van\u00a0<em>Buat<\/em>\u00a0bevatten spoilers.***<\/mark><\/strong><\/p>\n\n\n\n<p>De memoires van graaf De Guiche (1744) zijn doorgaans wel bekend bij historici, maar worden zelden aangehaald. Terecht. De herinneringen aan Holland van Guy-Armand de Gramont (1637-1673) zijn gekleurd, onvolledig en onbetrouwbaar. In boeken over Johan de Witt wordt door een doorgewinterde geschiedschrijver als Luc Panhuysen slechts sporadisch naar hem verwezen. Voor zover het De Witt betreft enkel in combinatie met het uitreden van de vloot, het peilen van de diepten en het dragen van een vreemd kostuum. De oorspronkelijke tekst (uitgegeven in 1744) is hier te lezen:<\/p>\n\n\n<div class=\"wp-block-image\">\n<figure class=\"aligncenter size-full is-resized\"><img loading=\"lazy\" decoding=\"async\" width=\"411\" height=\"722\" src=\"https:\/\/buat.nl\/wp-content\/uploads\/2024\/01\/Memoires.jpg\" alt=\"\" class=\"wp-image-402\" style=\"width:223px;height:auto\" srcset=\"https:\/\/buat.nl\/wp-content\/uploads\/2024\/01\/Memoires.jpg 411w, https:\/\/buat.nl\/wp-content\/uploads\/2024\/01\/Memoires-171x300.jpg 171w, https:\/\/buat.nl\/wp-content\/uploads\/2024\/01\/Memoires-300x527.jpg 300w\" sizes=\"auto, (max-width: 411px) 100vw, 411px\" \/><\/figure>\n<\/div>\n\n\n<p>De oorspronkelijke tekst (uitgegeven in 1744) is <strong><a href=\"https:\/\/books.google.nl\/books?id=MS5EAAAAcAAJ&amp;printsec=frontcover&amp;dq=M%C3%A9moires+de+guiche&amp;hl=nl&amp;newbks=1&amp;newbks_redir=0&amp;sa=X&amp;redir_esc=y#v=onepage&amp;q=M%C3%A9moires%20de%20guiche&amp;f=false\" data-type=\"link\" data-id=\"https:\/\/books.google.nl\/books?id=MS5EAAAAcAAJ&amp;printsec=frontcover&amp;dq=M%C3%A9moires+de+guiche&amp;hl=nl&amp;newbks=1&amp;newbks_redir=0&amp;sa=X&amp;redir_esc=y#v=onepage&amp;q=M%C3%A9moires%20de%20guiche&amp;f=false\">hier<\/a><\/strong> te lezen.<\/p>\n\n\n<div class=\"wp-block-image\">\n<figure class=\"aligncenter size-full is-resized\"><img loading=\"lazy\" decoding=\"async\" width=\"347\" height=\"604\" src=\"https:\/\/buat.nl\/wp-content\/uploads\/2024\/01\/Memoirien.jpg\" alt=\"\" class=\"wp-image-403\" style=\"width:224px;height:auto\" srcset=\"https:\/\/buat.nl\/wp-content\/uploads\/2024\/01\/Memoirien.jpg 347w, https:\/\/buat.nl\/wp-content\/uploads\/2024\/01\/Memoirien-172x300.jpg 172w, https:\/\/buat.nl\/wp-content\/uploads\/2024\/01\/Memoirien-300x522.jpg 300w\" sizes=\"auto, (max-width: 347px) 100vw, 347px\" \/><\/figure>\n<\/div>\n\n\n<p>Een vroege vertaling naar het Nederlands (1745) staat ook <strong><a href=\"https:\/\/books.google.nl\/books?id=MS5EAAAAcAAJ&amp;printsec=frontcover&amp;dq=M%C3%A9moires+de+guiche&amp;hl=nl&amp;newbks=1&amp;newbks_redir=0&amp;sa=X&amp;redir_esc=y#v=onepage&amp;q=M%C3%A9moires%20de%20guiche&amp;f=false\">online<\/a><\/strong>.<\/p>\n\n\n\n<p>Toen ik de bron bestudeerde ter documentatie van Buat (omdat ik wist dat die ook door De Guiche in zijn verhaal wordt genoemd) viel ik gaandeweg voor de wat opschepperige toon van de graaf en groeide langzaam het idee om hem als een vertelstem in mijn boek op te nemen. Historicus Ad van der Zee bleek reeds een artikel over de graaf te hebben gepubliceerd en een online uitgegeven publicatie met een moderne vertaling. Hij gaf me vriendelijk toestemming om zijn tekst te gebruiken. Zijn artikel en vertaling zijn te downloaden via de site <a href=\"https:\/\/advanderzee.nl\/wp-content\/uploads\/2013\/04\/herinnering-aan-holland-1.pdf\">advanderzee.nl\/publicaties<\/a><\/p>\n\n\n\n<p>Wanneer mensen mijn tekst naast de eerdere vertalingen leggen, zullen ze zien dat dat ik het verhaal van de graaf nogal heb ingekort en hier en daar heb samengevat om het leesbaar te houden. Herhalingen, eindeloze uitweidingen en verwarrende zijpaden zijn geschrapt. Zo nu en dan is ook wat extra informatie toegevoegd om zaken te verduidelijken. Ik gebruik het verhaal van De Guiche vooral om de lezer te informeren over gebeurtenissen en personen vanuit het perspectief van een buitenlandse observator. Overigens, niet bepaald een objectieve observator. De Guiche stond meer aan de kant van de Oranjes dan van De Witt.<\/p>\n\n\n\n<p>In Buat blijft De Guiche met opzet een niet uitgewerkt personage. Je weet bijna niets van zijn achtergrond (behalve dat hij vanwege een affaire Frankrijk is ontvlucht en dat hij zich in de hoogste kringen bevond). Nooit weet je wat hij denkt en als hij al ergens over reflecteert dan is het over oorlogszaken, waarbij hij vooral probeert te laten zien hoe het anders (=beter) had kunnen gaan als het aan hem had gelegen. In feite blijft de graaf het hele boek een onbeschreven blad. Wie meer wil weten over zijn achtergrond en zijn belevenissen verwijs ik daarom graag door naar het artikel van Ad van der Zee en naar dit boekje uit 2005.<\/p>\n\n\n<div class=\"wp-block-image\">\n<figure class=\"aligncenter size-full is-resized\"><img loading=\"lazy\" decoding=\"async\" width=\"354\" height=\"500\" src=\"https:\/\/buat.nl\/wp-content\/uploads\/2024\/01\/1501234290.jpg\" alt=\"\" class=\"wp-image-404\" style=\"width:234px;height:auto\" srcset=\"https:\/\/buat.nl\/wp-content\/uploads\/2024\/01\/1501234290.jpg 354w, https:\/\/buat.nl\/wp-content\/uploads\/2024\/01\/1501234290-212x300.jpg 212w, https:\/\/buat.nl\/wp-content\/uploads\/2024\/01\/1501234290-300x424.jpg 300w\" sizes=\"auto, (max-width: 354px) 100vw, 354px\" \/><\/figure>\n<\/div>\n\n\n<p><strong>Voorbeelden<\/strong><br>Als voorbeeld van hoe ik te werk ben gegaan, geef ik het begin van de memoires van De Guiche weer in alle vier de versies. Ik heb de uitweiding over de oorzaken van de oorlog weggelaten. Dat stuk heb ik in de versie in Buat overigens sterk bekort en samengevat.<\/p>\n\n\n\n<p>Origineel 1744, p. 49<\/p>\n\n\n\n<blockquote class=\"wp-block-quote is-layout-flow wp-block-quote-is-layout-flow\">\n<p><\/p>\n<cite>J\u2019 ARRIVAI en Hollande au Mois\u00a0de\u00a0Mai\u00a0de\u00a0l&#8217;Ann\u00e9e 1665. L&#8217;Autonne pr\u00e9c\u00e9dente, les Anglois, commandez par Monfieur le Duc D&#8217;YORK, avoient d\u00e9j\u00e0 mis \u00e0 la Mer;\u00a0&amp;\u00a0les Provinces- Unies, qui, avec tant\u00a0de\u00a0Fiert\u00e9, avoient accept\u00e9 la Guerre,\u00a0n&#8217;\u00e9toient nullement pr\u00e9par\u00e9es pour la comencer.<br>(\u2026)<br>LES\u00a0Etats, en g\u00e9n\u00e9ral, furent fort \u00e9mus\u00a0de\u00a0ce dernier Proc\u00e9d\u00e9, que la France venoit\u00a0d&#8217;avoir avec eux. Ils s&#8217;en plaignirent hautement;\u00a0mais, ils furent fages,\u00a0&amp; prirent le Parti\u00a0de\u00a0ne pas donner lieu\u00a0de\u00a0fe plaindre \u00e0\u00a0des Gens\u00a0qui fembloient\u00a0en chercher le Sujet.\u00a0DE\u00a0WITT aida extr\u00e9mement \u00e0 tourner les Etats \u00e0 donner Satisfaction fur ces Vaiffeaux, &amp; \u00e0 fe faire parl\u00e0 un nouveau M\u00e9rite aupr\u00e8s du Roi, pour l&#8217;engager \u00e0\u00a0l&#8217;Ex\u00e9cution\u00a0du Trait\u00e9. Ainfi, il n&#8217;y eut pas Mo\u00efen\u00a0de\u00a0fe pouvoir plaindre des Etats, qui,\u00a0apr\u00e8s\u00a0nous avoir fatisfaits, trouv\u00e9rent une grande Amertume \u00e0 ne l&#8217;\u00eatre pas \u00e0 leur\u00a0Tour.\u00a0Car, tous les Secours, qu&#8217;ils\u00a0avoient de\u00a0la\u00a0France,\u00a0\u00e9toient des Confeils\u00a0de Prudence\u00a0&amp;\u00a0de\u00a0Mod\u00e9ration, qui aboutiffoient \u00e0 ne pas faire fortir la Flotte, pour attendre que les Anglois fe fuffent confommez par le Tems, &amp; par des Maladies.<\/cite><\/blockquote>\n\n\n\n<p>Vertaling 1745, p. 59<\/p>\n\n\n\n<blockquote class=\"wp-block-quote is-layout-flow wp-block-quote-is-layout-flow\">\n<p><\/p>\n<cite>Ik kwam in het Jaar 1665 in de Maant May in Hollant. De voorgaande Zomer waren de Engelschen, onder het gebied van den Hertog van York, reets in Zee gestooken; en de Vereenigde Provinti\u00ebn die met zooveel Trotsheit de Oorlog aangenomen hadden, waren gantsch niet gereed om den selven te beginnen.<br>(\u2026)<br>De Witt bevlytigde zich heel zeer om de Staten over te halen tot het geven van genoegen, wegens de aangehouden Schepen, die voor de Fransche Compagnie te Amsterdam gemaakt waren, om zich daar door op nieuw by den Koning aangenaam te maken, en hem tot het nakomen van het Tractaat te winnen. Dit deden zy en dus waren er geen redenen meer om zich over de Staten te beklagen; en het moet heel bitter voor dezelve gevallen zyn, dat Vrankryk hen niet bysprong naar dat zy het genoegen gegeven hadden. Al het secours dat zy er van ontfingen waren raatgevingen van Voorzichtigheid en Gematigtheid te oefenen, die daar op uit kwamen, die daar op uit kwamen, dat men de Vloot niet moest in Zee zenden, maar wachten dat de Engelschen door den Tyd, en de Ziekte afgemat wierden.<\/cite><\/blockquote>\n\n\n\n<p>Vertaling Ad van der Zee (2012), p. 39<\/p>\n\n\n\n<blockquote class=\"wp-block-quote is-layout-flow wp-block-quote-is-layout-flow\">\n<p><\/p>\n<cite>Ik arriveerde in Holland in de maand mei van het jaar 1665. De voorgaande herfst hadden de Engelsen, onder aanvoering van de hertog van York, zee gekozen. De Verenigde Provinci\u00ebn trokken daarop ten oorlog zonder dat ze erop voorbereid waren.<br>(\u2026)<br>De Witt spande zich zeer in om de Staten zover te krijgen dat zij genoegdoening zouden geven voor die schepen en ging daar prat op tegenover de Koning om hem zo te bewegen het Verdrag uit te voeren. Er was trouwens ook geen grond voor de Staten om zich te beklagen; het was alleen bitter voor hen dat zij, na ons genoegdoening te hebben gegeven, niet weer aan zet waren. Want alle hulp die zij uit Frankrijk kregen bestond uit wijze en matigende raad en leidde niet tot versterking van de vloot. Ze moesten wachten tot de Engelsen verslagen zouden worden door de Tijd en door ziekten.<\/cite><\/blockquote>\n\n\n\n<p>Bewerking Jean-Marc van Tol in Buat (2023), p. 70:<\/p>\n\n\n\n<blockquote class=\"wp-block-quote is-layout-flow wp-block-quote-is-layout-flow\">\n<p>Mijn omzwervingen brachten me in de maand mei van het jaar 1665 naar de Republiek der Zeven Verenigde Nederlanden, waar men verwikkeld was in een oorlog met Engeland.<br>(\u2026)<br>Maar de van eerzucht overlopende raadpensionaris De Witt wilde kwaad met kwaad vergelden. Hij drong bij ons aan op steun, maar al wat wij hem toewierpen was wat wijze raad en matigende adviezen. Frankrijk dwong hem zo te wachten tot de Engelsen verslagen zouden zijn door ziekte of door tijd.<\/p>\n<\/blockquote>\n\n\n\n<p>Ik zal in de komende hoofdstukken waarin ik de omzwervingen van De Guiche toelicht mij concentreren op de grotere verschillen en de passages die ik ter verduidelijking heb toegevoegd.<\/p>\n\n\n\n<p>Jean-Marc van Tol<br>06-01-2023.<\/p>\n\n\n\n<figure class=\"wp-block-image size-full\"><img loading=\"lazy\" decoding=\"async\" width=\"833\" height=\"1024\" src=\"https:\/\/buat.nl\/wp-content\/uploads\/2024\/01\/1a2Guy-Armand-de-Gramont-Count-of-Guiche-by-Jacob-Ferdinand-Voet.jpg\" alt=\"\" class=\"wp-image-405\" srcset=\"https:\/\/buat.nl\/wp-content\/uploads\/2024\/01\/1a2Guy-Armand-de-Gramont-Count-of-Guiche-by-Jacob-Ferdinand-Voet.jpg 833w, https:\/\/buat.nl\/wp-content\/uploads\/2024\/01\/1a2Guy-Armand-de-Gramont-Count-of-Guiche-by-Jacob-Ferdinand-Voet-244x300.jpg 244w, https:\/\/buat.nl\/wp-content\/uploads\/2024\/01\/1a2Guy-Armand-de-Gramont-Count-of-Guiche-by-Jacob-Ferdinand-Voet-768x944.jpg 768w, https:\/\/buat.nl\/wp-content\/uploads\/2024\/01\/1a2Guy-Armand-de-Gramont-Count-of-Guiche-by-Jacob-Ferdinand-Voet-300x369.jpg 300w\" sizes=\"auto, (max-width: 833px) 100vw, 833px\" \/><\/figure>\n\n\n\n<p class=\"has-text-align-center\"><strong><sup>Guy Armand de Gramont, Count of Guiche (1637-1673) by Jacob Ferdinand Voet<\/sup><\/strong><\/p>\n","protected":false},"excerpt":{"rendered":"<p>Graaf De Guiche in Holland (mei 1665) ***DISCLAIMER: deze toelichtingen op de hoofdstukken van\u00a0Buat\u00a0bevatten spoilers.*** De memoires van graaf De Guiche (1744) zijn doorgaans wel bekend bij historici, maar worden zelden aangehaald. Terecht. De herinneringen aan Holland van Guy-Armand de Gramont (1637-1673) zijn gekleurd, onvolledig en onbetrouwbaar. In boeken over Johan de Witt wordt door&#8230;<\/p>\n","protected":false},"author":1,"featured_media":401,"comment_status":"closed","ping_status":"","sticky":false,"template":"","format":"standard","meta":{"footnotes":""},"categories":[12],"tags":[],"class_list":["post-400","post","type-post","status-publish","format-standard","has-post-thumbnail","hentry","category-toelichtingen"],"_links":{"self":[{"href":"https:\/\/buat.nl\/index.php?rest_route=\/wp\/v2\/posts\/400","targetHints":{"allow":["GET"]}}],"collection":[{"href":"https:\/\/buat.nl\/index.php?rest_route=\/wp\/v2\/posts"}],"about":[{"href":"https:\/\/buat.nl\/index.php?rest_route=\/wp\/v2\/types\/post"}],"author":[{"embeddable":true,"href":"https:\/\/buat.nl\/index.php?rest_route=\/wp\/v2\/users\/1"}],"replies":[{"embeddable":true,"href":"https:\/\/buat.nl\/index.php?rest_route=%2Fwp%2Fv2%2Fcomments&post=400"}],"version-history":[{"count":1,"href":"https:\/\/buat.nl\/index.php?rest_route=\/wp\/v2\/posts\/400\/revisions"}],"predecessor-version":[{"id":406,"href":"https:\/\/buat.nl\/index.php?rest_route=\/wp\/v2\/posts\/400\/revisions\/406"}],"wp:featuredmedia":[{"embeddable":true,"href":"https:\/\/buat.nl\/index.php?rest_route=\/wp\/v2\/media\/401"}],"wp:attachment":[{"href":"https:\/\/buat.nl\/index.php?rest_route=%2Fwp%2Fv2%2Fmedia&parent=400"}],"wp:term":[{"taxonomy":"category","embeddable":true,"href":"https:\/\/buat.nl\/index.php?rest_route=%2Fwp%2Fv2%2Fcategories&post=400"},{"taxonomy":"post_tag","embeddable":true,"href":"https:\/\/buat.nl\/index.php?rest_route=%2Fwp%2Fv2%2Ftags&post=400"}],"curies":[{"name":"wp","href":"https:\/\/api.w.org\/{rel}","templated":true}]}}